{"id":7416,"date":"2026-08-31T07:30:56","date_gmt":"2026-08-31T07:30:56","guid":{"rendered":"https:\/\/www.musec.ch\/?p=7416"},"modified":"2026-08-31T07:32:36","modified_gmt":"2026-08-31T07:32:36","slug":"19-settembre-2026-a-riva-san-vitale-apre-ceramiche-dellantico-peru","status":"publish","type":"post","link":"https:\/\/www.musec.ch\/en\/19-settembre-2026-a-riva-san-vitale-apre-ceramiche-dellantico-peru\/","title":{"rendered":"19 settembre 2026 | A Riva San Vitale apre &#8220;Ceramiche dell\u2019antico Per\u00f9&#8221;"},"content":{"rendered":"<div class=\"wpb-content-wrapper\" id=\"wpb-content-root\"><p>[vc_row full_width=&#8221;stretch_row&#8221; css=&#8221;.vc_custom_1666192055693{margin-top: 0px !important;border-top-width: 0px !important;padding-top: 0px !important;}&#8221;][vc_column][vc_row_inner][vc_column_inner]<div class=\"thegem-te-heading thegem-custom-6a9674e3cf6753241\" ><div id=\"thegem-heading-6a9674e3cf4af\" class=\"thegem-heading thegem-custom-heading-6a9674e3cf4aa7935 title-h2\" style=\"text-align: left;\" ><\/div><style type=\"text\/css\">#thegem-heading-6a9674e3cf4af {margin: 0;}#thegem-heading-6a9674e3cf4af a:hover, #thegem-heading-6a9674e3cf4af a:hover span.colored {color: var(--thegem-to-menu-level1-color-hover, #00BCD4) !important;}<\/style><\/div><style>@media screen and (max-width: 1023px) {.thegem-heading.thegem-custom-heading-6a9674e3cf4aa7935{display: block!important;}}@media screen and (max-width: 767px) {.thegem-heading.thegem-custom-heading-6a9674e3cf4aa7935{display: block!important;}}@media screen and (max-width: 1023px) {.thegem-heading.thegem-custom-heading-6a9674e3cf4aa7935{position: relative !important;}}@media screen and (max-width: 767px) {.thegem-heading.thegem-custom-heading-6a9674e3cf4aa7935{position: relative !important;}}<\/style>[\/vc_column_inner][\/vc_row_inner][vc_row_inner el_disable_mobile=&#8221;1&#8243;][vc_column_inner width=&#8221;2\/3&#8243;]<div class=\"clearboth\"><\/div><style>#thegem-divider-6a9674e3cf6e2 {margin-top: 20px !important;}<\/style><div id=\"thegem-divider-6a9674e3cf6e2\" class=\"gem-divider  \" style=\"\" ><\/div>[vc_column_text css_animation=&#8221;none&#8221;]<strong>La Fondazione<\/strong> <strong>Le Fornaci e il MUSEC<\/strong> presentano l\u2019esposizione <em>Ceramiche dell\u2019antico Per\u00f9. Dal Pacifico alle Ande<\/em> dedicata alla straordinaria arte ceramica delle antiche civilt\u00e0 precolombiane del Per\u00f9. Dal <strong>19 settembre al 6 dicembre 2026<\/strong>, <strong>il Palazzo Comunale di Riva San Vitale<\/strong> ospiter\u00e0 negli storici spazi del palazzo, una sessantina di opere delle Collezioni precolombiane del MUSEC.<br \/>\nLa mostra ideata dal MUSEC \u00e8 curata da <strong>Antonio Aimi<\/strong>, esperto di arte e civilt\u00e0 precolombiane, che da anni collabora con il nostro museo. Gi\u00e0 professore di Civilt\u00e0 precolombiane presso l\u2019Universit\u00e0 degli Studi di Milano, Aimi propone un percorso alla scoperta delle culture che si svilupparono lungo la costa del Pacifico e nelle regioni andine del Per\u00f9.<br \/>\nL\u2019esposizione mette in luce la variet\u00e0 delle forme, delle decorazioni e delle funzioni della produzione ceramica antica, offrendo uno sguardo sulla ricchezza e sulla complessit\u00e0 delle civilt\u00e0 che hanno abitato il territorio peruviano prima dell\u2019arrivo degli europei. L\u2019esposizione \u00e8 realizzata con il patrocinio del Comune di Riva San Vitale.<\/p>\n<p><strong>L\u2019inaugurazione ufficiale si terr\u00e0 sabato 19 settembre 2026 alle ore 17:00<\/strong> <strong>con accesso libero<\/strong>.<\/p>\n<p><strong>Informazioni<\/strong><br \/>\nPalazzo Comunale di Riva San Vitale<br \/>\nPiazza Grande 6<br \/>\n6826 Riva San Vitale, Svizzera<br \/>\n19 settembre &#8211; 6 dicembre 2026<\/p>\n<p>L&#8217;ingresso alla mostra \u00e8 gratuito. \u00c8 possibile acquistare il catalogo della mostra al costo di CHF 20; il ricavato contribuir\u00e0 a sostenere le attivit\u00e0 e i progetti della Fondazione Le Fornaci.<\/p>\n<p>Per gli orari di apertura della mostra rimandiamo al sito: <a href=\"https:\/\/www.lefornaci.ch\/\">https:\/\/www.lefornaci.ch\/<\/a>[\/vc_column_text][\/vc_column_inner][vc_column_inner width=&#8221;1\/3&#8243;][vc_single_image image=&#8221;7413&#8243; img_size=&#8221;full&#8221; alignment=&#8221;center&#8221; css_animation=&#8221;none&#8221;][\/vc_column_inner][\/vc_row_inner][vc_row_inner el_disable_desktop=&#8221;1&#8243; el_disable_tablet=&#8221;1&#8243;][vc_column_inner width=&#8221;1\/3&#8243;][vc_single_image image=&#8221;7413&#8243; img_size=&#8221;full&#8221; alignment=&#8221;center&#8221; css_animation=&#8221;none&#8221;][\/vc_column_inner][vc_column_inner width=&#8221;2\/3&#8243;][vc_column_text][\/vc_column_text]<div class=\"clearboth\"><\/div><style>#thegem-divider-6a9674e3cf710 {margin-top: 20px !important;}<\/style><div id=\"thegem-divider-6a9674e3cf710\" class=\"gem-divider  \" style=\"\" ><\/div>[vc_column_text css_animation=&#8221;none&#8221;]<\/p>\n<div class=\"\" data-block=\"true\" data-editor=\"3m92f\" data-offset-key=\"943h0-0-0\">\n<div class=\"_1mf _1mj\" data-offset-key=\"943h0-0-0\">\n<p><strong>La Fondazione<\/strong> <strong>Le Fornaci e il MUSEC<\/strong> presentano l\u2019esposizione <em>Ceramiche dell\u2019antico Per\u00f9. Dal Pacifico alle Ande<\/em> dedicata alla straordinaria arte ceramica delle antiche civilt\u00e0 precolombiane del Per\u00f9. Dal <strong>19 settembre al 6 dicembre 2026<\/strong>, <strong>il Palazzo Comunale di Riva San Vitale<\/strong> ospiter\u00e0 negli storici spazi del palazzo, una sessantina di opere delle Collezioni precolombiane del MUSEC.<br \/>\nLa mostra ideata dal MUSEC \u00e8 curata da <strong>Antonio Aimi<\/strong>, esperto di arte e civilt\u00e0 precolombiane, che da anni collabora con il nostro museo. Gi\u00e0 professore di Civilt\u00e0 precolombiane presso l\u2019Universit\u00e0 degli Studi di Milano, Aimi propone un percorso alla scoperta delle culture che si svilupparono lungo la costa del Pacifico e nelle regioni andine del Per\u00f9.<br \/>\nL\u2019esposizione mette in luce la variet\u00e0 delle forme, delle decorazioni e delle funzioni della produzione ceramica antica, offrendo uno sguardo sulla ricchezza e sulla complessit\u00e0 delle civilt\u00e0 che hanno abitato il territorio peruviano prima dell\u2019arrivo degli europei. L\u2019esposizione \u00e8 realizzata con il patrocinio del Comune di Riva San Vitale.<\/p>\n<p><strong>L\u2019inaugurazione ufficiale si terr\u00e0 sabato 19 settembre 2026 alle ore 17:00<\/strong> <strong>con accesso libero<\/strong>.<\/p>\n<p><strong>Informazioni<\/strong><br \/>\nPalazzo Comunale di Riva San Vitale<br \/>\nPiazza Grande 6<br \/>\n6826 Riva San Vitale, Svizzera<br \/>\n19 settembre &#8211; 6 dicembre 2026<\/p>\n<p>L&#8217;ingresso alla mostra \u00e8 gratuito. \u00c8 possibile acquistare il catalogo della mostra al costo di CHF 20; il ricavato contribuir\u00e0 a sostenere le attivit\u00e0 e i progetti della Fondazione Le Fornaci.<\/p>\n<p>Per gli orari di apertura della mostra rimandiamo al sito: <a href=\"https:\/\/www.lefornaci.ch\/\">https:\/\/www.lefornaci.ch\/<\/a><\/p>\n<\/div>\n<\/div>\n<div class=\"\" data-block=\"true\" data-editor=\"3m92f\" data-offset-key=\"7a8ta-0-0\"><\/div>\n<p>[\/vc_column_text][vc_column_text][\/vc_column_text][\/vc_column_inner][\/vc_row_inner]<div class=\"clearboth\"><\/div><style>#thegem-divider-6a9674e3cf733 {margin-top: 20px !important;}<\/style><div id=\"thegem-divider-6a9674e3cf733\" class=\"gem-divider  \" style=\"\" ><\/div>[\/vc_column][\/vc_row]<\/p>\n<\/div>","protected":false},"excerpt":{"rendered":"<p>[vc_row full_width=&#8221;stretch_row&#8221; css=&#8221;.vc_custom_1666192055693{margin-top: 0px !important;border-top-width: 0px !important;padding-top: 0px !important;}&#8221;][vc_column][vc_row_inner][vc_column_inner][\/vc_column_inner][\/vc_row_inner][vc_row_inner el_disable_mobile=&#8221;1&#8243;][vc_column_inner width=&#8221;2\/3&#8243;][vc_column_text css_animation=&#8221;none&#8221;]La Fondazione Le Fornaci e il MUSEC presentano l\u2019esposizione&#8230;<\/p>\n","protected":false},"author":4,"featured_media":7413,"comment_status":"closed","ping_status":"closed","sticky":false,"template":"","format":"standard","meta":{"footnotes":""},"categories":[157],"tags":[],"class_list":["post-7416","post","type-post","status-publish","format-standard","has-post-thumbnail","category-eventi-en"],"menu_order":0,"_links":{"self":[{"href":"https:\/\/www.musec.ch\/en\/wp-json\/wp\/v2\/posts\/7416","targetHints":{"allow":["GET"]}}],"collection":[{"href":"https:\/\/www.musec.ch\/en\/wp-json\/wp\/v2\/posts"}],"about":[{"href":"https:\/\/www.musec.ch\/en\/wp-json\/wp\/v2\/types\/post"}],"author":[{"embeddable":true,"href":"https:\/\/www.musec.ch\/en\/wp-json\/wp\/v2\/users\/4"}],"replies":[{"embeddable":true,"href":"https:\/\/www.musec.ch\/en\/wp-json\/wp\/v2\/comments?post=7416"}],"version-history":[{"count":3,"href":"https:\/\/www.musec.ch\/en\/wp-json\/wp\/v2\/posts\/7416\/revisions"}],"predecessor-version":[{"id":7420,"href":"https:\/\/www.musec.ch\/en\/wp-json\/wp\/v2\/posts\/7416\/revisions\/7420"}],"wp:featuredmedia":[{"embeddable":true,"href":"https:\/\/www.musec.ch\/en\/wp-json\/wp\/v2\/media\/7413"}],"wp:attachment":[{"href":"https:\/\/www.musec.ch\/en\/wp-json\/wp\/v2\/media?parent=7416"}],"wp:term":[{"taxonomy":"category","embeddable":true,"href":"https:\/\/www.musec.ch\/en\/wp-json\/wp\/v2\/categories?post=7416"},{"taxonomy":"post_tag","embeddable":true,"href":"https:\/\/www.musec.ch\/en\/wp-json\/wp\/v2\/tags?post=7416"}],"curies":[{"name":"wp","href":"https:\/\/api.w.org\/{rel}","templated":true}]}}